{"id":2846,"date":"2020-10-16T12:18:14","date_gmt":"2020-10-16T09:18:14","guid":{"rendered":"https:\/\/blackmoda.fi\/?p=2846"},"modified":"2020-11-09T10:49:04","modified_gmt":"2020-11-09T08:49:04","slug":"our-garments-makers-carolina","status":"publish","type":"post","link":"https:\/\/blackmoda.fi\/pt-pt\/our-garments-makers-carolina\/","title":{"rendered":"Our Garments&#8217; Makers"},"content":{"rendered":"\n<figure class=\"wp-block-image size-large\"><img loading=\"lazy\" decoding=\"async\" width=\"820\" height=\"462\" src=\"https:\/\/blackmoda.fi\/wp-content\/uploads\/2020\/10\/Carolina_blogi-edited-2.jpg\" alt=\"\" class=\"wp-image-2866\" srcset=\"https:\/\/blackmoda.fi\/wp-content\/uploads\/2020\/10\/Carolina_blogi-edited-2.jpg 820w, https:\/\/blackmoda.fi\/wp-content\/uploads\/2020\/10\/Carolina_blogi-edited-2-800x451.jpg 800w, https:\/\/blackmoda.fi\/wp-content\/uploads\/2020\/10\/Carolina_blogi-edited-2-768x433.jpg 768w, https:\/\/blackmoda.fi\/wp-content\/uploads\/2020\/10\/Carolina_blogi-edited-2-700x394.jpg 700w\" sizes=\"auto, (max-width: 820px) 100vw, 820px\" \/><\/figure>\n\n\n\n<p>Na s\u00e9rie <strong>&#8220;Our Garments&#8217; Makers&#8221;<\/strong> apresentamos alguns dos profissionais da nossa f\u00e1brica Black Moda Portugal. Cada um faz parte da equipa que \u00e9 respons\u00e1vel pela excelente qualidade dos nossos artigos, que produzimos e enviamos atempadamente para os nossos clientes. Na primeira entrevista da s\u00e9rie apresentamos a <strong>Carolina Pereira<\/strong>, da equipa de modelagem.<\/p>\n\n\n\n<p><strong>Nome<br><\/strong>Carolina Pereira<\/p>\n\n\n\n<p><strong>Qual o seu cargo na empresa\/ fun\u00e7\u00f5es principais?<br><\/strong>Sou Modelista<\/p>\n\n\n\n<p><strong>Qual o seu n\u00edvel de escolaridade ou experi\u00eancia de trabalho anterior?<br><\/strong>12\u00ba ano de escolaridade e forma\u00e7\u00e3o de 3 anos em modelagem. Durante 17 anos trabalhei noutra empresa t\u00eaxtil.<\/p>\n\n\n\n<p><strong>Quando come\u00e7ou a trabalhar na Blackmoda?<br><\/strong>Comecei a trabalhar na Black Moda Portugal, quando a empresa ainda se chamava Cottonhouse, em Novembro de 2011.<\/p>\n\n\n\n<p><strong>Nessa altura, como descobriu esta empresa?<br><\/strong>Descobri a empresa a responder a um an\u00fancio de emprego.<\/p>\n\n\n\n<p><strong>Desde o tempo em que come\u00e7ou a trabalhar na Blackmoda, como \u00e9 o que o seu trabalho\/fun\u00e7\u00f5es alteraram?<br><\/strong>Quando entrei para a empresa era a \u00fanica modelista, como o volume de trabalho aumentou, as minhas fun\u00e7\u00f5es s\u00e3o divididas com outra colega de trabalho.<\/p>\n\n\n\n<p><strong>Como \u00e9 um dia de trabalho normal? Em que tipo de tarefas consiste um dia de trabalho seu?<br><\/strong>Num dia de trabalho normal fa\u00e7o<\/p>\n\n\n\n<p>&#8211; Conclus\u00e3o de tarefas inacabadas do dia anterior<\/p>\n\n\n\n<p>&#8211; Desenvolvimento de protos<\/p>\n\n\n\n<p>&#8211; Planifica\u00e7\u00e3o de encomendas para o corte<\/p>\n\n\n\n<p>&#8211; Verifica\u00e7\u00e3o de todo o processo de modelagem dos artigos<\/p>\n\n\n\n<p>&#8211; Estudo do consumo de mat\u00e9ria-prima para cada artigo<\/p>\n\n\n\n<p>&#8211; Controlo de medidas e verifica\u00e7\u00e3o de protos<\/p>\n\n\n\n<p><strong>Com quem \/ com que departamento trabalha mais em conjunto?<br><\/strong>A modelagem trabalha em conjunto com o departamento<\/p>\n\n\n\n<p><strong>O que considera ser a melhor coisa do seu trabalho? O que lhe d\u00e1 alegria no trabalho?<br><\/strong>A melhor coisa do meu trabalho \u00e9 a confian\u00e7a que depositam em mim. D\u00e1-me alegria quando vejo projetos a serem concretizados.<\/p>\n\n\n\n<p><strong>O que \u00e9 mais desafiante no seu trabalho?<br><\/strong>O mais desafiante no meu trabalho \u00e9 quando temos desenvolvimentos de dif\u00edcil elabora\u00e7\u00e3o.<\/p>\n\n\n\n<p><strong>O que melhora a sua motiva\u00e7\u00e3o no trabalho?<br><\/strong>A minha motiva\u00e7\u00e3o no trabalho melhora quando os clientes ficam satisfeitos com as cole\u00e7\u00f5es.<\/p>\n\n\n\n<p><strong>O que faz no seu tempo livre para relaxar?<br><\/strong>No meu tempo livre pratico corrida de montanha (TRAIL).<\/p>\n\n\n\n<p><strong>Que tipo de cumprimentos\/sauda\u00e7\u00f5es gostaria de deixar aos clientes de produ\u00e7\u00e3o na Finl\u00e2ndia?<br><\/strong>Que fazemos todos os nossos artigos com carinho, tendo sempre a certeza de que estamos a fazer um produto de qualidade, para que dessa forma o cliente fique satisfeito com o nosso trabalho.<\/p>\n\n\n\n<p><strong>Que tipo de cumprimentos\/ sauda\u00e7\u00f5es gostaria de deixar aos consumidores na Finl\u00e2ndia?<br><\/strong>Esperamos que os consumidores se sintam confort\u00e1veis com a nossa qualidade portuguesa.<\/p>\n\n\n\n<p><br><\/p>\n","protected":false},"excerpt":{"rendered":"<p>Na s\u00e9rie &#8220;Our Garments&#8217; Makers&#8221; apresentamos alguns dos profissionais da nossa f\u00e1brica Black Moda Portugal. Cada um faz parte da equipa que \u00e9 respons\u00e1vel pela excelente qualidade dos nossos artigos, que produzimos e enviamos atempadamente para os nossos clientes. Na primeira entrevista da s\u00e9rie apresentamos a Carolina Pereira, da equipa de modelagem. NomeCarolina Pereira Qual&#8230;<\/p>\n","protected":false},"author":3,"featured_media":2819,"comment_status":"open","ping_status":"open","sticky":false,"template":"","format":"standard","meta":{"_acf_changed":false,"footnotes":""},"categories":[176,177,185],"tags":[174,178],"class_list":["post-2846","post","type-post","status-publish","format-standard","has-post-thumbnail","hentry","category-blog-2","category-our-garments-maker","category-portugal-2","tag-modelagem","tag-sou-modelista"],"acf":[],"yoast_head":"<!-- This site is optimized with the Yoast SEO plugin v27.5 - https:\/\/yoast.com\/product\/yoast-seo-wordpress\/ -->\n<title>Our Garments&#039; Makers &#8212; Black Moda<\/title>\n<meta name=\"robots\" content=\"index, follow, max-snippet:-1, max-image-preview:large, max-video-preview:-1\" \/>\n<link rel=\"canonical\" href=\"https:\/\/blackmoda.fi\/pt-pt\/our-garments-makers-carolina\/\" \/>\n<meta property=\"og:locale\" content=\"pt_PT\" \/>\n<meta property=\"og:type\" content=\"article\" \/>\n<meta property=\"og:title\" content=\"Our Garments&#039; Makers &#8212; Black Moda\" \/>\n<meta property=\"og:description\" content=\"Na s\u00e9rie &#8220;Our Garments&#8217; Makers&#8221; apresentamos alguns dos profissionais da nossa f\u00e1brica Black Moda Portugal. Cada um faz parte da equipa que \u00e9 respons\u00e1vel pela excelente qualidade dos nossos artigos, que produzimos e enviamos atempadamente para os nossos clientes. Na primeira entrevista da s\u00e9rie apresentamos a Carolina Pereira, da equipa de modelagem. NomeCarolina Pereira Qual...\" \/>\n<meta property=\"og:url\" content=\"https:\/\/blackmoda.fi\/pt-pt\/our-garments-makers-carolina\/\" \/>\n<meta property=\"og:site_name\" content=\"Black Moda\" \/>\n<meta property=\"article:published_time\" content=\"2020-10-16T09:18:14+00:00\" \/>\n<meta property=\"article:modified_time\" content=\"2020-11-09T08:49:04+00:00\" \/>\n<meta property=\"og:image\" content=\"https:\/\/blackmoda.fi\/wp-content\/uploads\/2020\/10\/Carolina4.png\" \/>\n\t<meta property=\"og:image:width\" content=\"480\" \/>\n\t<meta property=\"og:image:height\" content=\"640\" \/>\n\t<meta property=\"og:image:type\" content=\"image\/png\" \/>\n<meta name=\"author\" content=\"Laura\" \/>\n<meta name=\"twitter:card\" content=\"summary_large_image\" \/>\n<meta name=\"twitter:label1\" content=\"Written by\" \/>\n\t<meta name=\"twitter:data1\" content=\"Laura\" \/>\n\t<meta name=\"twitter:label2\" content=\"Est. reading time\" \/>\n\t<meta name=\"twitter:data2\" content=\"2 minutes\" \/>\n<script type=\"application\/ld+json\" class=\"yoast-schema-graph\">{\"@context\":\"https:\\\/\\\/schema.org\",\"@graph\":[{\"@type\":\"Article\",\"@id\":\"https:\\\/\\\/blackmoda.fi\\\/pt-pt\\\/our-garments-makers-carolina\\\/#article\",\"isPartOf\":{\"@id\":\"https:\\\/\\\/blackmoda.fi\\\/pt-pt\\\/our-garments-makers-carolina\\\/\"},\"author\":{\"name\":\"Laura\",\"@id\":\"https:\\\/\\\/blackmoda.fi.wwwdev2.kyberjoukot.fi\\\/#\\\/schema\\\/person\\\/3534dd4586ccff7c7d4c4585274f49b8\"},\"headline\":\"Our Garments&#8217; Makers\",\"datePublished\":\"2020-10-16T09:18:14+00:00\",\"dateModified\":\"2020-11-09T08:49:04+00:00\",\"mainEntityOfPage\":{\"@id\":\"https:\\\/\\\/blackmoda.fi\\\/pt-pt\\\/our-garments-makers-carolina\\\/\"},\"wordCount\":462,\"commentCount\":0,\"image\":{\"@id\":\"https:\\\/\\\/blackmoda.fi\\\/pt-pt\\\/our-garments-makers-carolina\\\/#primaryimage\"},\"thumbnailUrl\":\"https:\\\/\\\/blackmoda.fi\\\/wp-content\\\/uploads\\\/2020\\\/10\\\/Carolina4.png\",\"keywords\":[\"modelagem\",\"Sou Modelista\"],\"articleSection\":[\"Blog\",\"Our Garments' Maker\",\"Portugal\"],\"inLanguage\":\"pt-PT\",\"potentialAction\":[{\"@type\":\"CommentAction\",\"name\":\"Comment\",\"target\":[\"https:\\\/\\\/blackmoda.fi\\\/pt-pt\\\/our-garments-makers-carolina\\\/#respond\"]}]},{\"@type\":\"WebPage\",\"@id\":\"https:\\\/\\\/blackmoda.fi\\\/pt-pt\\\/our-garments-makers-carolina\\\/\",\"url\":\"https:\\\/\\\/blackmoda.fi\\\/pt-pt\\\/our-garments-makers-carolina\\\/\",\"name\":\"Our Garments' Makers &#8212; Black Moda\",\"isPartOf\":{\"@id\":\"https:\\\/\\\/blackmoda.fi.wwwdev2.kyberjoukot.fi\\\/#website\"},\"primaryImageOfPage\":{\"@id\":\"https:\\\/\\\/blackmoda.fi\\\/pt-pt\\\/our-garments-makers-carolina\\\/#primaryimage\"},\"image\":{\"@id\":\"https:\\\/\\\/blackmoda.fi\\\/pt-pt\\\/our-garments-makers-carolina\\\/#primaryimage\"},\"thumbnailUrl\":\"https:\\\/\\\/blackmoda.fi\\\/wp-content\\\/uploads\\\/2020\\\/10\\\/Carolina4.png\",\"datePublished\":\"2020-10-16T09:18:14+00:00\",\"dateModified\":\"2020-11-09T08:49:04+00:00\",\"author\":{\"@id\":\"https:\\\/\\\/blackmoda.fi.wwwdev2.kyberjoukot.fi\\\/#\\\/schema\\\/person\\\/3534dd4586ccff7c7d4c4585274f49b8\"},\"breadcrumb\":{\"@id\":\"https:\\\/\\\/blackmoda.fi\\\/pt-pt\\\/our-garments-makers-carolina\\\/#breadcrumb\"},\"inLanguage\":\"pt-PT\",\"potentialAction\":[{\"@type\":\"ReadAction\",\"target\":[\"https:\\\/\\\/blackmoda.fi\\\/pt-pt\\\/our-garments-makers-carolina\\\/\"]}]},{\"@type\":\"ImageObject\",\"inLanguage\":\"pt-PT\",\"@id\":\"https:\\\/\\\/blackmoda.fi\\\/pt-pt\\\/our-garments-makers-carolina\\\/#primaryimage\",\"url\":\"https:\\\/\\\/blackmoda.fi\\\/wp-content\\\/uploads\\\/2020\\\/10\\\/Carolina4.png\",\"contentUrl\":\"https:\\\/\\\/blackmoda.fi\\\/wp-content\\\/uploads\\\/2020\\\/10\\\/Carolina4.png\",\"width\":480,\"height\":640},{\"@type\":\"BreadcrumbList\",\"@id\":\"https:\\\/\\\/blackmoda.fi\\\/pt-pt\\\/our-garments-makers-carolina\\\/#breadcrumb\",\"itemListElement\":[{\"@type\":\"ListItem\",\"position\":1,\"name\":\"Home\",\"item\":\"https:\\\/\\\/blackmoda.fi\\\/\"},{\"@type\":\"ListItem\",\"position\":2,\"name\":\"Our Garments&#8217; Makers\"}]},{\"@type\":\"WebSite\",\"@id\":\"https:\\\/\\\/blackmoda.fi.wwwdev2.kyberjoukot.fi\\\/#website\",\"url\":\"https:\\\/\\\/blackmoda.fi.wwwdev2.kyberjoukot.fi\\\/\",\"name\":\"Black Moda\",\"description\":\"T\u00eaxteis de alta qualidade feitos em Portugal\",\"potentialAction\":[{\"@type\":\"SearchAction\",\"target\":{\"@type\":\"EntryPoint\",\"urlTemplate\":\"https:\\\/\\\/blackmoda.fi.wwwdev2.kyberjoukot.fi\\\/?s={search_term_string}\"},\"query-input\":{\"@type\":\"PropertyValueSpecification\",\"valueRequired\":true,\"valueName\":\"search_term_string\"}}],\"inLanguage\":\"pt-PT\"},{\"@type\":\"Person\",\"@id\":\"https:\\\/\\\/blackmoda.fi.wwwdev2.kyberjoukot.fi\\\/#\\\/schema\\\/person\\\/3534dd4586ccff7c7d4c4585274f49b8\",\"name\":\"Laura\",\"image\":{\"@type\":\"ImageObject\",\"inLanguage\":\"pt-PT\",\"@id\":\"https:\\\/\\\/secure.gravatar.com\\\/avatar\\\/760d5a0ac9e8a72ab5c48309d3dd44dee74fdccd9b8c9752affe161dff7364a5?s=96&d=mm&r=g\",\"url\":\"https:\\\/\\\/secure.gravatar.com\\\/avatar\\\/760d5a0ac9e8a72ab5c48309d3dd44dee74fdccd9b8c9752affe161dff7364a5?s=96&d=mm&r=g\",\"contentUrl\":\"https:\\\/\\\/secure.gravatar.com\\\/avatar\\\/760d5a0ac9e8a72ab5c48309d3dd44dee74fdccd9b8c9752affe161dff7364a5?s=96&d=mm&r=g\",\"caption\":\"Laura\"},\"url\":\"https:\\\/\\\/blackmoda.fi\\\/pt-pt\\\/author\\\/laura\\\/\"}]}<\/script>\n<!-- \/ Yoast SEO plugin. -->","yoast_head_json":{"title":"Our Garments' Makers &#8212; Black Moda","robots":{"index":"index","follow":"follow","max-snippet":"max-snippet:-1","max-image-preview":"max-image-preview:large","max-video-preview":"max-video-preview:-1"},"canonical":"https:\/\/blackmoda.fi\/pt-pt\/our-garments-makers-carolina\/","og_locale":"pt_PT","og_type":"article","og_title":"Our Garments' Makers &#8212; Black Moda","og_description":"Na s\u00e9rie &#8220;Our Garments&#8217; Makers&#8221; apresentamos alguns dos profissionais da nossa f\u00e1brica Black Moda Portugal. Cada um faz parte da equipa que \u00e9 respons\u00e1vel pela excelente qualidade dos nossos artigos, que produzimos e enviamos atempadamente para os nossos clientes. Na primeira entrevista da s\u00e9rie apresentamos a Carolina Pereira, da equipa de modelagem. NomeCarolina Pereira Qual...","og_url":"https:\/\/blackmoda.fi\/pt-pt\/our-garments-makers-carolina\/","og_site_name":"Black Moda","article_published_time":"2020-10-16T09:18:14+00:00","article_modified_time":"2020-11-09T08:49:04+00:00","og_image":[{"width":480,"height":640,"url":"https:\/\/blackmoda.fi\/wp-content\/uploads\/2020\/10\/Carolina4.png","type":"image\/png"}],"author":"Laura","twitter_card":"summary_large_image","twitter_misc":{"Written by":"Laura","Est. reading time":"2 minutes"},"schema":{"@context":"https:\/\/schema.org","@graph":[{"@type":"Article","@id":"https:\/\/blackmoda.fi\/pt-pt\/our-garments-makers-carolina\/#article","isPartOf":{"@id":"https:\/\/blackmoda.fi\/pt-pt\/our-garments-makers-carolina\/"},"author":{"name":"Laura","@id":"https:\/\/blackmoda.fi.wwwdev2.kyberjoukot.fi\/#\/schema\/person\/3534dd4586ccff7c7d4c4585274f49b8"},"headline":"Our Garments&#8217; Makers","datePublished":"2020-10-16T09:18:14+00:00","dateModified":"2020-11-09T08:49:04+00:00","mainEntityOfPage":{"@id":"https:\/\/blackmoda.fi\/pt-pt\/our-garments-makers-carolina\/"},"wordCount":462,"commentCount":0,"image":{"@id":"https:\/\/blackmoda.fi\/pt-pt\/our-garments-makers-carolina\/#primaryimage"},"thumbnailUrl":"https:\/\/blackmoda.fi\/wp-content\/uploads\/2020\/10\/Carolina4.png","keywords":["modelagem","Sou Modelista"],"articleSection":["Blog","Our Garments' Maker","Portugal"],"inLanguage":"pt-PT","potentialAction":[{"@type":"CommentAction","name":"Comment","target":["https:\/\/blackmoda.fi\/pt-pt\/our-garments-makers-carolina\/#respond"]}]},{"@type":"WebPage","@id":"https:\/\/blackmoda.fi\/pt-pt\/our-garments-makers-carolina\/","url":"https:\/\/blackmoda.fi\/pt-pt\/our-garments-makers-carolina\/","name":"Our Garments' Makers &#8212; Black Moda","isPartOf":{"@id":"https:\/\/blackmoda.fi.wwwdev2.kyberjoukot.fi\/#website"},"primaryImageOfPage":{"@id":"https:\/\/blackmoda.fi\/pt-pt\/our-garments-makers-carolina\/#primaryimage"},"image":{"@id":"https:\/\/blackmoda.fi\/pt-pt\/our-garments-makers-carolina\/#primaryimage"},"thumbnailUrl":"https:\/\/blackmoda.fi\/wp-content\/uploads\/2020\/10\/Carolina4.png","datePublished":"2020-10-16T09:18:14+00:00","dateModified":"2020-11-09T08:49:04+00:00","author":{"@id":"https:\/\/blackmoda.fi.wwwdev2.kyberjoukot.fi\/#\/schema\/person\/3534dd4586ccff7c7d4c4585274f49b8"},"breadcrumb":{"@id":"https:\/\/blackmoda.fi\/pt-pt\/our-garments-makers-carolina\/#breadcrumb"},"inLanguage":"pt-PT","potentialAction":[{"@type":"ReadAction","target":["https:\/\/blackmoda.fi\/pt-pt\/our-garments-makers-carolina\/"]}]},{"@type":"ImageObject","inLanguage":"pt-PT","@id":"https:\/\/blackmoda.fi\/pt-pt\/our-garments-makers-carolina\/#primaryimage","url":"https:\/\/blackmoda.fi\/wp-content\/uploads\/2020\/10\/Carolina4.png","contentUrl":"https:\/\/blackmoda.fi\/wp-content\/uploads\/2020\/10\/Carolina4.png","width":480,"height":640},{"@type":"BreadcrumbList","@id":"https:\/\/blackmoda.fi\/pt-pt\/our-garments-makers-carolina\/#breadcrumb","itemListElement":[{"@type":"ListItem","position":1,"name":"Home","item":"https:\/\/blackmoda.fi\/"},{"@type":"ListItem","position":2,"name":"Our Garments&#8217; Makers"}]},{"@type":"WebSite","@id":"https:\/\/blackmoda.fi.wwwdev2.kyberjoukot.fi\/#website","url":"https:\/\/blackmoda.fi.wwwdev2.kyberjoukot.fi\/","name":"Black Moda","description":"T\u00eaxteis de alta qualidade feitos em Portugal","potentialAction":[{"@type":"SearchAction","target":{"@type":"EntryPoint","urlTemplate":"https:\/\/blackmoda.fi.wwwdev2.kyberjoukot.fi\/?s={search_term_string}"},"query-input":{"@type":"PropertyValueSpecification","valueRequired":true,"valueName":"search_term_string"}}],"inLanguage":"pt-PT"},{"@type":"Person","@id":"https:\/\/blackmoda.fi.wwwdev2.kyberjoukot.fi\/#\/schema\/person\/3534dd4586ccff7c7d4c4585274f49b8","name":"Laura","image":{"@type":"ImageObject","inLanguage":"pt-PT","@id":"https:\/\/secure.gravatar.com\/avatar\/760d5a0ac9e8a72ab5c48309d3dd44dee74fdccd9b8c9752affe161dff7364a5?s=96&d=mm&r=g","url":"https:\/\/secure.gravatar.com\/avatar\/760d5a0ac9e8a72ab5c48309d3dd44dee74fdccd9b8c9752affe161dff7364a5?s=96&d=mm&r=g","contentUrl":"https:\/\/secure.gravatar.com\/avatar\/760d5a0ac9e8a72ab5c48309d3dd44dee74fdccd9b8c9752affe161dff7364a5?s=96&d=mm&r=g","caption":"Laura"},"url":"https:\/\/blackmoda.fi\/pt-pt\/author\/laura\/"}]}},"_links":{"self":[{"href":"https:\/\/blackmoda.fi\/pt-pt\/wp-json\/wp\/v2\/posts\/2846","targetHints":{"allow":["GET"]}}],"collection":[{"href":"https:\/\/blackmoda.fi\/pt-pt\/wp-json\/wp\/v2\/posts"}],"about":[{"href":"https:\/\/blackmoda.fi\/pt-pt\/wp-json\/wp\/v2\/types\/post"}],"author":[{"embeddable":true,"href":"https:\/\/blackmoda.fi\/pt-pt\/wp-json\/wp\/v2\/users\/3"}],"replies":[{"embeddable":true,"href":"https:\/\/blackmoda.fi\/pt-pt\/wp-json\/wp\/v2\/comments?post=2846"}],"version-history":[{"count":3,"href":"https:\/\/blackmoda.fi\/pt-pt\/wp-json\/wp\/v2\/posts\/2846\/revisions"}],"predecessor-version":[{"id":2868,"href":"https:\/\/blackmoda.fi\/pt-pt\/wp-json\/wp\/v2\/posts\/2846\/revisions\/2868"}],"wp:featuredmedia":[{"embeddable":true,"href":"https:\/\/blackmoda.fi\/pt-pt\/wp-json\/wp\/v2\/media\/2819"}],"wp:attachment":[{"href":"https:\/\/blackmoda.fi\/pt-pt\/wp-json\/wp\/v2\/media?parent=2846"}],"wp:term":[{"taxonomy":"category","embeddable":true,"href":"https:\/\/blackmoda.fi\/pt-pt\/wp-json\/wp\/v2\/categories?post=2846"},{"taxonomy":"post_tag","embeddable":true,"href":"https:\/\/blackmoda.fi\/pt-pt\/wp-json\/wp\/v2\/tags?post=2846"}],"curies":[{"name":"wp","href":"https:\/\/api.w.org\/{rel}","templated":true}]}}