{"id":3046,"date":"2021-01-15T15:59:13","date_gmt":"2021-01-15T13:59:13","guid":{"rendered":"https:\/\/blackmoda.fi\/?p=3046"},"modified":"2021-04-16T15:22:59","modified_gmt":"2021-04-16T12:22:59","slug":"our-garments-makers-part-4","status":"publish","type":"post","link":"https:\/\/blackmoda.fi\/pt-pt\/our-garments-makers-part-4\/","title":{"rendered":"Our Garments\u2019 Makers, part 4"},"content":{"rendered":"\n<figure class=\"wp-block-image size-large\"><img loading=\"lazy\" decoding=\"async\" width=\"640\" height=\"400\" src=\"https:\/\/blackmoda.fi\/wp-content\/uploads\/2021\/01\/Filipe-Fernandes-warehouse.jpg\" alt=\"\" class=\"wp-image-3043\"\/><\/figure>\n\n\n\n<p>Ao fazer uma roupa, \u00e9 muito importante que os materiais certos estejam no lugar certo na hora certa. <strong>Filipe Fernandes<\/strong>, respons\u00e1vel pelo armaz\u00e9m de malhas, garante que as mesmas cheguem atempandamente do armaz\u00e9m \u00e0 mesa de corte.<br><br><strong>Nome<\/strong><br>Jos\u00e9 Filipe Ventura Fernandes<br><br><strong>Qual o seu cargo na empresa\/ fun\u00e7\u00f5es principais?<\/strong><br>Eu sou respons\u00e1vel pelo armaz\u00e9m das malhas.<br><br><strong>Qual o seu n\u00edvel de escolaridade ou experi\u00eancia de trabalho anterior?<\/strong><br>Tenho o nono ano e j\u00e1 trabalhei noutras f\u00e1bricas.<br><br><strong>Quando come\u00e7ou a trabalhar na Blackmoda?<\/strong><br>Comecei a trabalhar na Blackmoda a 4 de maio de 2020.<br><br><strong>Nessa altura, como descobriu esta empresa?<\/strong><br>Por interm\u00e9dio de uma amiga que tamb\u00e9m trabalha na Blackmoda.<br><br><strong>Desde o tempo em que come\u00e7ou a trabalhar na Blackmoda, como \u00e9 o que o seu trabalho\/fun\u00e7\u00f5es alteraram?<\/strong><br>No meu caso, como fa\u00e7o parte da empresa h\u00e1 pouco tempo por isso n\u00e3o mudou nada.<br><br><strong>Como \u00e9 um dia de trabalho normal? Em que tipo de tarefas consiste um dia de trabalho seu?<\/strong><br>As tarefas que desenvolvo durante um dia de trabalho s\u00e3o as seguintes: Recebo a malha e arrumo-a; dou serventia de malha para o corte e organizo o armaz\u00e9m.<br><br><strong>Com quem \/ com que departamento trabalha mais em conjunto?<\/strong><br>Trabalho mais diretamente com a modelagem.<br><br><strong>O que considera ser a melhor coisa do seu trabalho? O que lhe d\u00e1 alegria no trabalho?<\/strong><br>Gosto do que fa\u00e7o e venho motivado a fazer melhor todos os dias, gosto do ambiente saud\u00e1vel e da coopera\u00e7\u00e3o.<br><br><strong>O que melhora a sua motiva\u00e7\u00e3o no trabalho?<\/strong><br>Fico mais motivado quando sou valorizado pelo meu trabalho, o que me leva a tentar fazer sempre melhor.<br><br><strong>O que faz no seu tempo livre para relaxar?<\/strong><br>Nos meus tempos livres, gosto de praticar futebol, de estar em casa no computador e de estar com os meus amigos.<br><br><strong>Que tipo de cumprimentos\/sauda\u00e7\u00f5es gostaria de deixar aos clientes de produ\u00e7\u00e3o na Finl\u00e2ndia?<\/strong><br>Gostava de os felicitar pelo bom trabalho desenvolvido.<br><br><strong>Que tipo de cumprimentos\/ sauda\u00e7\u00f5es gostaria de deixar aos consumidores na Finl\u00e2ndia?<\/strong><br>Espero que continuem a gostar dos nossos artigos porque n\u00f3s iremos continuar a fazer o nosso melhor para os satisfazer.<\/p>\n\n\n\n<p><strong>Obrigada<\/strong>!<\/p>\n\n\n\n<p><br><br><\/p>\n","protected":false},"excerpt":{"rendered":"<p>Ao fazer uma roupa, \u00e9 muito importante que os materiais certos estejam no lugar certo na hora certa. Filipe Fernandes, respons\u00e1vel pelo armaz\u00e9m de malhas, garante que as mesmas cheguem atempandamente do armaz\u00e9m \u00e0 mesa de corte. NomeJos\u00e9 Filipe Ventura Fernandes Qual o seu cargo na empresa\/ fun\u00e7\u00f5es principais?Eu sou respons\u00e1vel pelo armaz\u00e9m das malhas&#8230;.<\/p>\n","protected":false},"author":4,"featured_media":3043,"comment_status":"open","ping_status":"open","sticky":false,"template":"","format":"standard","meta":{"_acf_changed":false,"footnotes":""},"categories":[176,177,185],"tags":[183,259],"class_list":["post-3046","post","type-post","status-publish","format-standard","has-post-thumbnail","hentry","category-blog-2","category-our-garments-maker","category-portugal-2","tag-industria-textil","tag-responsavel-pelo-armazem-das-malhas"],"acf":[],"yoast_head":"<!-- This site is optimized with the Yoast SEO plugin v27.5 - https:\/\/yoast.com\/product\/yoast-seo-wordpress\/ -->\n<title>Our Garments\u2019 Makers, part 4 &#8212; Black Moda<\/title>\n<meta name=\"robots\" content=\"index, follow, max-snippet:-1, max-image-preview:large, max-video-preview:-1\" \/>\n<link rel=\"canonical\" href=\"https:\/\/blackmoda.fi\/pt-pt\/our-garments-makers-part-4\/\" \/>\n<meta property=\"og:locale\" content=\"pt_PT\" \/>\n<meta property=\"og:type\" content=\"article\" \/>\n<meta property=\"og:title\" content=\"Our Garments\u2019 Makers, part 4 &#8212; Black Moda\" \/>\n<meta property=\"og:description\" content=\"Ao fazer uma roupa, \u00e9 muito importante que os materiais certos estejam no lugar certo na hora certa. Filipe Fernandes, respons\u00e1vel pelo armaz\u00e9m de malhas, garante que as mesmas cheguem atempandamente do armaz\u00e9m \u00e0 mesa de corte. NomeJos\u00e9 Filipe Ventura Fernandes Qual o seu cargo na empresa\/ fun\u00e7\u00f5es principais?Eu sou respons\u00e1vel pelo armaz\u00e9m das malhas....\" \/>\n<meta property=\"og:url\" content=\"https:\/\/blackmoda.fi\/pt-pt\/our-garments-makers-part-4\/\" \/>\n<meta property=\"og:site_name\" content=\"Black Moda\" \/>\n<meta property=\"article:published_time\" content=\"2021-01-15T13:59:13+00:00\" \/>\n<meta property=\"article:modified_time\" content=\"2021-04-16T12:22:59+00:00\" \/>\n<meta property=\"og:image\" content=\"https:\/\/blackmoda.fi\/wp-content\/uploads\/2021\/01\/Filipe-Fernandes-warehouse.jpg\" \/>\n\t<meta property=\"og:image:width\" content=\"640\" \/>\n\t<meta property=\"og:image:height\" content=\"400\" \/>\n\t<meta property=\"og:image:type\" content=\"image\/jpeg\" \/>\n<meta name=\"author\" content=\"Nina Alanko\" \/>\n<meta name=\"twitter:card\" content=\"summary_large_image\" \/>\n<meta name=\"twitter:label1\" content=\"Written by\" \/>\n\t<meta name=\"twitter:data1\" content=\"Nina Alanko\" \/>\n\t<meta name=\"twitter:label2\" content=\"Est. reading time\" \/>\n\t<meta name=\"twitter:data2\" content=\"2 minutes\" \/>\n<script type=\"application\/ld+json\" class=\"yoast-schema-graph\">{\"@context\":\"https:\\\/\\\/schema.org\",\"@graph\":[{\"@type\":\"Article\",\"@id\":\"https:\\\/\\\/blackmoda.fi\\\/pt-pt\\\/our-garments-makers-part-4\\\/#article\",\"isPartOf\":{\"@id\":\"https:\\\/\\\/blackmoda.fi\\\/pt-pt\\\/our-garments-makers-part-4\\\/\"},\"author\":{\"name\":\"Nina Alanko\",\"@id\":\"https:\\\/\\\/blackmoda.fi.wwwdev2.kyberjoukot.fi\\\/#\\\/schema\\\/person\\\/d026c5c25f069ea8b40dcf28040af532\"},\"headline\":\"Our Garments\u2019 Makers, part 4\",\"datePublished\":\"2021-01-15T13:59:13+00:00\",\"dateModified\":\"2021-04-16T12:22:59+00:00\",\"mainEntityOfPage\":{\"@id\":\"https:\\\/\\\/blackmoda.fi\\\/pt-pt\\\/our-garments-makers-part-4\\\/\"},\"wordCount\":380,\"commentCount\":0,\"image\":{\"@id\":\"https:\\\/\\\/blackmoda.fi\\\/pt-pt\\\/our-garments-makers-part-4\\\/#primaryimage\"},\"thumbnailUrl\":\"https:\\\/\\\/blackmoda.fi\\\/wp-content\\\/uploads\\\/2021\\\/01\\\/Filipe-Fernandes-warehouse.jpg\",\"keywords\":[\"ind\u00fastria t\u00eaxtil\",\"respons\u00e1vel pelo armaz\u00e9m das malhas\"],\"articleSection\":[\"Blog\",\"Our Garments' Maker\",\"Portugal\"],\"inLanguage\":\"pt-PT\",\"potentialAction\":[{\"@type\":\"CommentAction\",\"name\":\"Comment\",\"target\":[\"https:\\\/\\\/blackmoda.fi\\\/pt-pt\\\/our-garments-makers-part-4\\\/#respond\"]}]},{\"@type\":\"WebPage\",\"@id\":\"https:\\\/\\\/blackmoda.fi\\\/pt-pt\\\/our-garments-makers-part-4\\\/\",\"url\":\"https:\\\/\\\/blackmoda.fi\\\/pt-pt\\\/our-garments-makers-part-4\\\/\",\"name\":\"Our Garments\u2019 Makers, part 4 &#8212; Black Moda\",\"isPartOf\":{\"@id\":\"https:\\\/\\\/blackmoda.fi.wwwdev2.kyberjoukot.fi\\\/#website\"},\"primaryImageOfPage\":{\"@id\":\"https:\\\/\\\/blackmoda.fi\\\/pt-pt\\\/our-garments-makers-part-4\\\/#primaryimage\"},\"image\":{\"@id\":\"https:\\\/\\\/blackmoda.fi\\\/pt-pt\\\/our-garments-makers-part-4\\\/#primaryimage\"},\"thumbnailUrl\":\"https:\\\/\\\/blackmoda.fi\\\/wp-content\\\/uploads\\\/2021\\\/01\\\/Filipe-Fernandes-warehouse.jpg\",\"datePublished\":\"2021-01-15T13:59:13+00:00\",\"dateModified\":\"2021-04-16T12:22:59+00:00\",\"author\":{\"@id\":\"https:\\\/\\\/blackmoda.fi.wwwdev2.kyberjoukot.fi\\\/#\\\/schema\\\/person\\\/d026c5c25f069ea8b40dcf28040af532\"},\"breadcrumb\":{\"@id\":\"https:\\\/\\\/blackmoda.fi\\\/pt-pt\\\/our-garments-makers-part-4\\\/#breadcrumb\"},\"inLanguage\":\"pt-PT\",\"potentialAction\":[{\"@type\":\"ReadAction\",\"target\":[\"https:\\\/\\\/blackmoda.fi\\\/pt-pt\\\/our-garments-makers-part-4\\\/\"]}]},{\"@type\":\"ImageObject\",\"inLanguage\":\"pt-PT\",\"@id\":\"https:\\\/\\\/blackmoda.fi\\\/pt-pt\\\/our-garments-makers-part-4\\\/#primaryimage\",\"url\":\"https:\\\/\\\/blackmoda.fi\\\/wp-content\\\/uploads\\\/2021\\\/01\\\/Filipe-Fernandes-warehouse.jpg\",\"contentUrl\":\"https:\\\/\\\/blackmoda.fi\\\/wp-content\\\/uploads\\\/2021\\\/01\\\/Filipe-Fernandes-warehouse.jpg\",\"width\":640,\"height\":400},{\"@type\":\"BreadcrumbList\",\"@id\":\"https:\\\/\\\/blackmoda.fi\\\/pt-pt\\\/our-garments-makers-part-4\\\/#breadcrumb\",\"itemListElement\":[{\"@type\":\"ListItem\",\"position\":1,\"name\":\"Home\",\"item\":\"https:\\\/\\\/blackmoda.fi\\\/\"},{\"@type\":\"ListItem\",\"position\":2,\"name\":\"Our Garments\u2019 Makers, part 4\"}]},{\"@type\":\"WebSite\",\"@id\":\"https:\\\/\\\/blackmoda.fi.wwwdev2.kyberjoukot.fi\\\/#website\",\"url\":\"https:\\\/\\\/blackmoda.fi.wwwdev2.kyberjoukot.fi\\\/\",\"name\":\"Black Moda\",\"description\":\"T\u00eaxteis de alta qualidade feitos em Portugal\",\"potentialAction\":[{\"@type\":\"SearchAction\",\"target\":{\"@type\":\"EntryPoint\",\"urlTemplate\":\"https:\\\/\\\/blackmoda.fi.wwwdev2.kyberjoukot.fi\\\/?s={search_term_string}\"},\"query-input\":{\"@type\":\"PropertyValueSpecification\",\"valueRequired\":true,\"valueName\":\"search_term_string\"}}],\"inLanguage\":\"pt-PT\"},{\"@type\":\"Person\",\"@id\":\"https:\\\/\\\/blackmoda.fi.wwwdev2.kyberjoukot.fi\\\/#\\\/schema\\\/person\\\/d026c5c25f069ea8b40dcf28040af532\",\"name\":\"Nina Alanko\",\"image\":{\"@type\":\"ImageObject\",\"inLanguage\":\"pt-PT\",\"@id\":\"https:\\\/\\\/secure.gravatar.com\\\/avatar\\\/d034c96584d4737066af710c714fa72ede9ea0db3a898f869f58b63011862068?s=96&d=mm&r=g\",\"url\":\"https:\\\/\\\/secure.gravatar.com\\\/avatar\\\/d034c96584d4737066af710c714fa72ede9ea0db3a898f869f58b63011862068?s=96&d=mm&r=g\",\"contentUrl\":\"https:\\\/\\\/secure.gravatar.com\\\/avatar\\\/d034c96584d4737066af710c714fa72ede9ea0db3a898f869f58b63011862068?s=96&d=mm&r=g\",\"caption\":\"Nina Alanko\"},\"sameAs\":[\"https:\\\/\\\/blackmoda.fi\\\/wp\\\/wp-admin\\\/\"],\"url\":\"https:\\\/\\\/blackmoda.fi\\\/pt-pt\\\/author\\\/nina\\\/\"}]}<\/script>\n<!-- \/ Yoast SEO plugin. -->","yoast_head_json":{"title":"Our Garments\u2019 Makers, part 4 &#8212; Black Moda","robots":{"index":"index","follow":"follow","max-snippet":"max-snippet:-1","max-image-preview":"max-image-preview:large","max-video-preview":"max-video-preview:-1"},"canonical":"https:\/\/blackmoda.fi\/pt-pt\/our-garments-makers-part-4\/","og_locale":"pt_PT","og_type":"article","og_title":"Our Garments\u2019 Makers, part 4 &#8212; Black Moda","og_description":"Ao fazer uma roupa, \u00e9 muito importante que os materiais certos estejam no lugar certo na hora certa. Filipe Fernandes, respons\u00e1vel pelo armaz\u00e9m de malhas, garante que as mesmas cheguem atempandamente do armaz\u00e9m \u00e0 mesa de corte. NomeJos\u00e9 Filipe Ventura Fernandes Qual o seu cargo na empresa\/ fun\u00e7\u00f5es principais?Eu sou respons\u00e1vel pelo armaz\u00e9m das malhas....","og_url":"https:\/\/blackmoda.fi\/pt-pt\/our-garments-makers-part-4\/","og_site_name":"Black Moda","article_published_time":"2021-01-15T13:59:13+00:00","article_modified_time":"2021-04-16T12:22:59+00:00","og_image":[{"width":640,"height":400,"url":"https:\/\/blackmoda.fi\/wp-content\/uploads\/2021\/01\/Filipe-Fernandes-warehouse.jpg","type":"image\/jpeg"}],"author":"Nina Alanko","twitter_card":"summary_large_image","twitter_misc":{"Written by":"Nina Alanko","Est. reading time":"2 minutes"},"schema":{"@context":"https:\/\/schema.org","@graph":[{"@type":"Article","@id":"https:\/\/blackmoda.fi\/pt-pt\/our-garments-makers-part-4\/#article","isPartOf":{"@id":"https:\/\/blackmoda.fi\/pt-pt\/our-garments-makers-part-4\/"},"author":{"name":"Nina Alanko","@id":"https:\/\/blackmoda.fi.wwwdev2.kyberjoukot.fi\/#\/schema\/person\/d026c5c25f069ea8b40dcf28040af532"},"headline":"Our Garments\u2019 Makers, part 4","datePublished":"2021-01-15T13:59:13+00:00","dateModified":"2021-04-16T12:22:59+00:00","mainEntityOfPage":{"@id":"https:\/\/blackmoda.fi\/pt-pt\/our-garments-makers-part-4\/"},"wordCount":380,"commentCount":0,"image":{"@id":"https:\/\/blackmoda.fi\/pt-pt\/our-garments-makers-part-4\/#primaryimage"},"thumbnailUrl":"https:\/\/blackmoda.fi\/wp-content\/uploads\/2021\/01\/Filipe-Fernandes-warehouse.jpg","keywords":["ind\u00fastria t\u00eaxtil","respons\u00e1vel pelo armaz\u00e9m das malhas"],"articleSection":["Blog","Our Garments' Maker","Portugal"],"inLanguage":"pt-PT","potentialAction":[{"@type":"CommentAction","name":"Comment","target":["https:\/\/blackmoda.fi\/pt-pt\/our-garments-makers-part-4\/#respond"]}]},{"@type":"WebPage","@id":"https:\/\/blackmoda.fi\/pt-pt\/our-garments-makers-part-4\/","url":"https:\/\/blackmoda.fi\/pt-pt\/our-garments-makers-part-4\/","name":"Our Garments\u2019 Makers, part 4 &#8212; Black Moda","isPartOf":{"@id":"https:\/\/blackmoda.fi.wwwdev2.kyberjoukot.fi\/#website"},"primaryImageOfPage":{"@id":"https:\/\/blackmoda.fi\/pt-pt\/our-garments-makers-part-4\/#primaryimage"},"image":{"@id":"https:\/\/blackmoda.fi\/pt-pt\/our-garments-makers-part-4\/#primaryimage"},"thumbnailUrl":"https:\/\/blackmoda.fi\/wp-content\/uploads\/2021\/01\/Filipe-Fernandes-warehouse.jpg","datePublished":"2021-01-15T13:59:13+00:00","dateModified":"2021-04-16T12:22:59+00:00","author":{"@id":"https:\/\/blackmoda.fi.wwwdev2.kyberjoukot.fi\/#\/schema\/person\/d026c5c25f069ea8b40dcf28040af532"},"breadcrumb":{"@id":"https:\/\/blackmoda.fi\/pt-pt\/our-garments-makers-part-4\/#breadcrumb"},"inLanguage":"pt-PT","potentialAction":[{"@type":"ReadAction","target":["https:\/\/blackmoda.fi\/pt-pt\/our-garments-makers-part-4\/"]}]},{"@type":"ImageObject","inLanguage":"pt-PT","@id":"https:\/\/blackmoda.fi\/pt-pt\/our-garments-makers-part-4\/#primaryimage","url":"https:\/\/blackmoda.fi\/wp-content\/uploads\/2021\/01\/Filipe-Fernandes-warehouse.jpg","contentUrl":"https:\/\/blackmoda.fi\/wp-content\/uploads\/2021\/01\/Filipe-Fernandes-warehouse.jpg","width":640,"height":400},{"@type":"BreadcrumbList","@id":"https:\/\/blackmoda.fi\/pt-pt\/our-garments-makers-part-4\/#breadcrumb","itemListElement":[{"@type":"ListItem","position":1,"name":"Home","item":"https:\/\/blackmoda.fi\/"},{"@type":"ListItem","position":2,"name":"Our Garments\u2019 Makers, part 4"}]},{"@type":"WebSite","@id":"https:\/\/blackmoda.fi.wwwdev2.kyberjoukot.fi\/#website","url":"https:\/\/blackmoda.fi.wwwdev2.kyberjoukot.fi\/","name":"Black Moda","description":"T\u00eaxteis de alta qualidade feitos em Portugal","potentialAction":[{"@type":"SearchAction","target":{"@type":"EntryPoint","urlTemplate":"https:\/\/blackmoda.fi.wwwdev2.kyberjoukot.fi\/?s={search_term_string}"},"query-input":{"@type":"PropertyValueSpecification","valueRequired":true,"valueName":"search_term_string"}}],"inLanguage":"pt-PT"},{"@type":"Person","@id":"https:\/\/blackmoda.fi.wwwdev2.kyberjoukot.fi\/#\/schema\/person\/d026c5c25f069ea8b40dcf28040af532","name":"Nina Alanko","image":{"@type":"ImageObject","inLanguage":"pt-PT","@id":"https:\/\/secure.gravatar.com\/avatar\/d034c96584d4737066af710c714fa72ede9ea0db3a898f869f58b63011862068?s=96&d=mm&r=g","url":"https:\/\/secure.gravatar.com\/avatar\/d034c96584d4737066af710c714fa72ede9ea0db3a898f869f58b63011862068?s=96&d=mm&r=g","contentUrl":"https:\/\/secure.gravatar.com\/avatar\/d034c96584d4737066af710c714fa72ede9ea0db3a898f869f58b63011862068?s=96&d=mm&r=g","caption":"Nina Alanko"},"sameAs":["https:\/\/blackmoda.fi\/wp\/wp-admin\/"],"url":"https:\/\/blackmoda.fi\/pt-pt\/author\/nina\/"}]}},"_links":{"self":[{"href":"https:\/\/blackmoda.fi\/pt-pt\/wp-json\/wp\/v2\/posts\/3046","targetHints":{"allow":["GET"]}}],"collection":[{"href":"https:\/\/blackmoda.fi\/pt-pt\/wp-json\/wp\/v2\/posts"}],"about":[{"href":"https:\/\/blackmoda.fi\/pt-pt\/wp-json\/wp\/v2\/types\/post"}],"author":[{"embeddable":true,"href":"https:\/\/blackmoda.fi\/pt-pt\/wp-json\/wp\/v2\/users\/4"}],"replies":[{"embeddable":true,"href":"https:\/\/blackmoda.fi\/pt-pt\/wp-json\/wp\/v2\/comments?post=3046"}],"version-history":[{"count":1,"href":"https:\/\/blackmoda.fi\/pt-pt\/wp-json\/wp\/v2\/posts\/3046\/revisions"}],"predecessor-version":[{"id":3047,"href":"https:\/\/blackmoda.fi\/pt-pt\/wp-json\/wp\/v2\/posts\/3046\/revisions\/3047"}],"wp:featuredmedia":[{"embeddable":true,"href":"https:\/\/blackmoda.fi\/pt-pt\/wp-json\/wp\/v2\/media\/3043"}],"wp:attachment":[{"href":"https:\/\/blackmoda.fi\/pt-pt\/wp-json\/wp\/v2\/media?parent=3046"}],"wp:term":[{"taxonomy":"category","embeddable":true,"href":"https:\/\/blackmoda.fi\/pt-pt\/wp-json\/wp\/v2\/categories?post=3046"},{"taxonomy":"post_tag","embeddable":true,"href":"https:\/\/blackmoda.fi\/pt-pt\/wp-json\/wp\/v2\/tags?post=3046"}],"curies":[{"name":"wp","href":"https:\/\/api.w.org\/{rel}","templated":true}]}}